{"id":30493,"date":"2026-03-04T14:11:09","date_gmt":"2026-03-04T14:11:09","guid":{"rendered":"https:\/\/uaparc.es\/soluciones\/?p=30493"},"modified":"2026-02-28T21:16:36","modified_gmt":"2026-02-28T21:16:36","slug":"onde-a-natureza-tem-historia-183","status":"publish","type":"post","link":"https:\/\/uaparc.es\/soluciones\/onde-a-natureza-tem-historia-183\/","title":{"rendered":"Onde a Natureza tem hist\u00f3ria"},"content":{"rendered":"<div id=\"toc\" style=\"background: #f9f9f9;border: 1px solid #aaa;margin-bottom: 1em;padding: 1em;width: 350px\">\n<p class=\"toctitle\" style=\"font-weight: 700;text-align: center\">Content<\/p>\n<ul class=\"toc_list\">\n<li><a href=\"#toc-0\">Navega\u00e7\u00e3o de artigos<\/a><\/li>\n<li><a href=\"#toc-1\">Os s\u00e9culos passam mas o encanto da Natureza mant\u00e9m-se enraizado na regi\u00e3o.<\/a><\/li>\n<li><a href=\"#toc-3\">Colectividadescarece\u00a0de fontes?<\/a><\/li>\n<\/ul>\n<\/div>\n<p>No final desse s\u00e9culo 18, os condes de Pombeiro tornam-se nos primeiros marqueses de Belas e realizam novos melhoramentos na propriedade, recebendo nela diversos artistas e intelectuais da \u00e9poca e tamb\u00e9m membros da fam\u00edlia real \u2013 o futuro rei D. Desta \u00e9poca salienta-se os vest\u00edgios da barragem romana, situada na estrada que liga Belas a Cane\u00e7as. Situada entre serras, algumas de pequeno relevo outras mais acidentadas, como a serra da Carregueira, entrecortada de vales fertilizados pelas abundantes linhas de \u00e1gua, Belas remonta aos prim\u00f3rdios da Nacionalidade onde se conhecessem os limites da par\u00f3quia e vila de Belas j\u00e1 no s\u00e9culo XII.<\/p>\n<h2 id=\"toc-0\">Navega\u00e7\u00e3o de artigos<\/h2>\n<p>A propriedade providencia acesso Wi-Fi gratuito em todas as suas \u00e1reas. Dispondo de jardim, os Apartamentos Turisticos Queluz providenciam acomoda\u00e7\u00f5es em Queluz. Esta casa de f\u00e9rias disponibiliza acomoda\u00e7\u00f5es com ar condicionado e acesso Wi-Fi gratuito.<\/p>\n<h3 id=\"toc-1\">Os s\u00e9culos passam mas o encanto da Natureza mant\u00e9m-se enraizado na regi\u00e3o.<\/h3>\n<ul>\n<li>O territ\u00f3rio onde se encontra a vila de Belas apresenta caracter\u00edsticas que determinaram, sem d\u00favida, o seu povoamento, a sua organiza\u00e7\u00e3o e desenvolvimento.<\/li>\n<li>Situada entre serras, algumas de pequeno relevo outras mais acidentadas, como a serra da Carregueira, entrecortada de vales fertilizados pelas abundantes linhas de \u00e1gua, Belas remonta aos prim\u00f3rdios da Nacionalidade onde se conhecessem os limites da par\u00f3quia e vila de Belas j\u00e1 no s\u00e9culo XII.<\/li>\n<li>O Queluz Vacations Flat est\u00e1 situado em Queluz e disponibiliza bicicletas gratuitas, uma piscina exterior e comodidades para churrascos.<\/li>\n<li>S\u00f3 no per\u00edodo de Romaniza\u00e7\u00e3o encontramos vest\u00edgios de uma densidade populacional significativa e com alguma organiza\u00e7\u00e3o.<\/li>\n<li>A Vila Libania est\u00e1 localizada em frente ao Pal\u00e1cio Nacional de Queluz, a 13 km do centro da cidade de&#8230;<\/li>\n<\/ul>\n<p>Constru\u00edda no in\u00edcio do s\u00e9culo 19, foi doada pelo Comendador Faria \u00e0 congrega\u00e7\u00e3o das Irm\u00e3s Hospitaleiras do Sagrado Cora\u00e7\u00e3o de Jesus, tendo sido por estas adaptada a unidade de sa\u00fade em 1925. Hoje, o Pa\u00e7o de Belas \u00e9 cen\u00e1rio de eventos e festas, em particular casamentos. N\u00e3o obstante, destru\u00edda pelas cheias de 1968 e 1969 e saqueada na d\u00e9cada seguinte, a Quinta entrou em degrada\u00e7\u00e3o e em 1994 as obras da CREL retalharam a enorme propriedade, passando o viaduto rodovi\u00e1rio sobre parte dela. No final do s\u00e9culo 19 a Quinta deixou de pertencer aos marqueses de Belas e, ap\u00f3s anos de abandono, no s\u00e9culo passado os seus propriet\u00e1rios encomendaram uma remodela\u00e7\u00e3o do pal\u00e1cio ao arquitecto Raul Lino. Jo\u00e3o VI e sua esposa Carlota Joaquina tamb\u00e9m eram visitas, e em homenagem ao facto foi levantado um obelisco nos jardins da Quinta.<\/p>\n<p>Decorada em estilo r\u00fastico, esta casa apresenta uma \u00e1rea de estar ao ar livre e acesso Wi-Fi gratuito. O Queluz Vacations Flat est\u00e1 situado em Queluz e disponibiliza bicicletas gratuitas, uma piscina exterior e comodidades para churrascos. Aqui a <a href=\"lisbongreenvalley.pt\">lisbongreenvalley.pt<\/a> natureza da sua fam\u00edlia inspira a energia da sua casa. Com lugares desta freguesia foi criada em 1925 a freguesia de Queluz, em 1953 a freguesia de Agualva-Cac\u00e9m e em 1997 a freguesia de Casal de Cambra. Voltou a obter a categoria de vila em 24 de Julho de 1997. At\u00e9 ao liberalismo, este era composto apenas pela freguesia da sede, sendo mais tarde incorporada a freguesia de Barcarena.<\/p>\n<h2 id=\"toc-2\">Quarto em Apartamento completo, entre Lisboa e Sintra!<\/h2>\n<p>Mas voc\u00ea deve saber que essas coordenadas do centro de Belas podem variar dependendo do servidor cartogr\u00e1fico consultado. Definir as coordenadas geogr\u00e1ficas de Belas (altitude e latitude) n\u00e3o \u00e9 uma tarefa t\u00e3o simples quanto parece. Caso na nossa lista n\u00e3o esteja esta cidade, seria s\u00f3 localizar ela no mapa embaixo. Para saber a que horas nasce o Sol, a que horas ser\u00e1 o p\u00f4r-do-Sol ou qualquer outro dado, voc\u00ea s\u00f3 tem que escolher a cidade (ou pais) de interesse na nossa base de dados. As informa\u00e7\u00f5es detalhadas incluem os dados de onde est\u00e1 o pa\u00eds, a regi\u00e3o, o estado, o departamento, a rua e at\u00e9 mesmo um edif\u00edcio ou casa. \u00c9 uma outra Sintra, mas desta vez menos concorrida, onde podemos desfrutar em pleno desta bela simbiose entre os diferentes ambientes criados sob o ar da serra.<\/p>\n<h3 id=\"toc-3\">Colectividadescarece\u00a0de fontes?<\/h3>\n<p>Geralmente estas coordenadas est\u00e3o associadas a um ponto no centro da cidade. Voc\u00ea tamb\u00e9m pode indicar as coordenadas dessa cidade, se assim considera melhor. No meio do arvoredo \u2013 carvalhos, oliveiras e pinheiros, entre outros \u2013 para l\u00e1 dos jardins surge uma inesperada torre-mirante e, mais adiante ainda, a casa de ch\u00e1 por entre pinheiros \u2013 espreitando pelas janelas podemos ver o interior com decora\u00e7\u00f5es a estuque com novas cenas ex\u00f3ticas. Do conjunto desta quinta de veraneio fazem parte o palacete residencial, a casa de fresco, lagos, fontes e estruturas de apoio ao enorme jardim.<\/p>\n<p>A \u00e1rea atual \u00e9 um ter\u00e7o dos 90ha originais onde um belo solar, amplos jardins, campos agr\u00edcolas, pomares e pinhal produzem produtos hort\u00edcolas que hoje ainda alimentam os mercados de Lisboa.Numa torre existente do lado direito da casa principal fomos encontrar um rel\u00f3gio de Sol vertical meridional, em pedra da regi\u00e3o, com numera\u00e7\u00e3o romana e gn\u00f3mon, datado de 1720. Desta \u00e9poca salienta-se os vest\u00edgios da barragem romana, situada na estrada que liga Belas a\u00a0Cane\u00e7as. Situada entre serras, algumas de pequeno relevo outras mais acidentadas, como a\u00a0serra da Carregueira, entrecortada de vales fertilizados pelas abundantes linhas de\u00a0\u00e1gua, Belas remonta aos prim\u00f3rdios da Nacionalidade onde se conhecessem os limites da par\u00f3quia e vila de Belas j\u00e1 no\u00a0s\u00e9culo XII.<\/p>\n<p>Muito danificada pelo Terramoto de 1755, foi reconstru\u00edda e nos seus jardins instalada uma fonte com escultura de Neptuno de autoria atribu\u00edda a Bernini, hoje no Pal\u00e1cio Nacional de Queluz. Ao longo do tempo foi mudando de m\u00e3os, entre nobres e coroa, e no s\u00e9culo 17 era perten\u00e7a dos Condes de Pombeiro, tendo sido alvo de obras e melhoramentos. Depois da conquista de Lisboa, em 1147, Belas foi doada pelo rei a nobres e a ordens militares e religiosas, \u00e0 semelhan\u00e7a de outras terras nas redondezas da cidade. A mata de Belas \u00e9 ideal para um tranquilo passeio pela natureza e junto a ela, al\u00e9m da Quinta das \u00c1guas Livres, tamb\u00e9m a Quinta do Bonjardim (lugar onde se jogou o primeiro jogo de futebol em Portugal, em Setembro de 1888) e a Quinta da Fonteireira s\u00e3o lugares de refer\u00eancia. Rodeada por serras, vales e cursos fluviais, nestas paragens impera o verde.<\/p>\n<p>O Pateo do Limoeiro est\u00e1 situado em Queluz e disp\u00f5e de um jardim e de um terra\u00e7o. O apartamento, situado num edif\u00edcio datado de 2018, disponibiliza acesso Wi-Fi gratuito. \u00c9 constitu\u00edda por v\u00e1rios ciclos (pr\u00e9-escolar ao ensino secund\u00e1rio) tem cerca de 900 alunos e 100 professores.Aqui encontr\u00e1mos este curioso rel\u00f3gio de Sol horizontal em cimento, com o gn\u00f3mon em metal, numera\u00e7\u00e3o romana e data datado de 1992. A Quinta do Molha-P\u00e3o perto da aldeia da Tala, Sintra, destaca-se pelo seu rico patrim\u00f3nio arquitet\u00f3nico, inserido numa \u00e1rea murada e 37 hectares, estende-se por uma paisagem de grande beleza, numa zona pouco declivosa isolada por um muro. O territ\u00f3rio onde se encontra a vila de Belas apresenta caracter\u00edsticas que determinaram, sem d\u00favida, o seu povoamento, a sua organiza\u00e7\u00e3o e desenvolvimento.<\/p>\n<p>A Vila Libania est\u00e1 localizada em frente ao Pal\u00e1cio Nacional de Queluz, a 13 km do centro da cidade de&#8230; O Queluz Vintage House est\u00e1 situado em Queluz. Disponibiliza uma piscina exterior sazonal, um jardim, um terra\u00e7o e acesso Wi-Fi gratuito. Este apartamento possui 3 quartos, uma televis\u00e3o por sat\u00e9lite e uma cozinha com uma m\u00e1quina de lavar lou\u00e7a e um forno. Este apartamento tamb\u00e9m disp\u00f5e de acesso Wi-Fi gratuito.<\/p>\n<p>N\u00e3o entr\u00e1mos na resid\u00eancia, mas o restante tem um ambiente claramente rom\u00e2ntico, muito ao gosto da \u00e9poca. O portal manuelino \u00e9 o elemento mais distinto da igreja, mas destaca-se ainda a sua torre sineira barroca, mais tardia, e o interior em talha dourada da capela mor e dos altares laterais. A sua origem parece remontar \u00e0 \u00e9poca da funda\u00e7\u00e3o de Portugal, embora a invoca\u00e7\u00e3o de Nossa Senhora da Miseric\u00f3rdia apare\u00e7a apenas em 1583. Junto ao Largo de Belas, no caf\u00e9 \u00e0 entrada da vila, abastecemo-nos gulosamente de uns Fofos de Belas, parte da t\u00edpica do\u00e7aria de Sintra, um g\u00e9nero de pequenos p\u00e3es-de-l\u00f3 polvilhados de a\u00e7\u00facar e recheados de creme, confeccionados desde 1850 aqui mesmo, na que era a F\u00e1brica dos Fofos de Belas.<\/p>\n","protected":false},"excerpt":{"rendered":"<p>Content Navega\u00e7\u00e3o de artigos Os s\u00e9culos passam mas o encanto da Natureza mant\u00e9m-se enraizado na regi\u00e3o. Colectividadescarece\u00a0de fontes? No final desse s\u00e9culo 18, os condes de Pombeiro tornam-se nos primeiros marqueses de Belas e realizam novos melhoramentos na propriedade, recebendo nela diversos artistas e intelectuais da \u00e9poca e tamb\u00e9m membros da fam\u00edlia real \u2013 o [&hellip;]<\/p>\n","protected":false},"author":2,"featured_media":0,"comment_status":"open","ping_status":"open","sticky":false,"template":"","format":"standard","meta":{"footnotes":""},"categories":[1],"tags":[],"class_list":["post-30493","post","type-post","status-publish","format-standard","hentry","category-digitalizacion"],"_links":{"self":[{"href":"https:\/\/uaparc.es\/soluciones\/wp-json\/wp\/v2\/posts\/30493","targetHints":{"allow":["GET"]}}],"collection":[{"href":"https:\/\/uaparc.es\/soluciones\/wp-json\/wp\/v2\/posts"}],"about":[{"href":"https:\/\/uaparc.es\/soluciones\/wp-json\/wp\/v2\/types\/post"}],"author":[{"embeddable":true,"href":"https:\/\/uaparc.es\/soluciones\/wp-json\/wp\/v2\/users\/2"}],"replies":[{"embeddable":true,"href":"https:\/\/uaparc.es\/soluciones\/wp-json\/wp\/v2\/comments?post=30493"}],"version-history":[{"count":1,"href":"https:\/\/uaparc.es\/soluciones\/wp-json\/wp\/v2\/posts\/30493\/revisions"}],"predecessor-version":[{"id":30494,"href":"https:\/\/uaparc.es\/soluciones\/wp-json\/wp\/v2\/posts\/30493\/revisions\/30494"}],"wp:attachment":[{"href":"https:\/\/uaparc.es\/soluciones\/wp-json\/wp\/v2\/media?parent=30493"}],"wp:term":[{"taxonomy":"category","embeddable":true,"href":"https:\/\/uaparc.es\/soluciones\/wp-json\/wp\/v2\/categories?post=30493"},{"taxonomy":"post_tag","embeddable":true,"href":"https:\/\/uaparc.es\/soluciones\/wp-json\/wp\/v2\/tags?post=30493"}],"curies":[{"name":"wp","href":"https:\/\/api.w.org\/{rel}","templated":true}]}}